{"id":19917,"date":"2026-04-26T23:37:50","date_gmt":"2026-04-26T22:37:50","guid":{"rendered":"https:\/\/4torri.it\/?p=19917"},"modified":"2026-04-27T10:36:23","modified_gmt":"2026-04-27T09:36:23","slug":"treviso-basket-academy-conquista-il-xvi-international-tournament-citta-di-ferrara","status":"publish","type":"post","link":"https:\/\/4torri.it\/?p=19917","title":{"rendered":"Treviso Basket Academy conquista il XVI International Tournament \u201cCitt\u00e0 di Ferrara\u201d"},"content":{"rendered":"\t\t<div data-elementor-type=\"wp-post\" data-elementor-id=\"19917\" class=\"elementor elementor-19917\">\n\t\t\t\t\t\t<section class=\"elementor-section elementor-top-section elementor-element elementor-element-a151d0d elementor-section-boxed elementor-section-height-default elementor-section-height-default\" data-id=\"a151d0d\" data-element_type=\"section\">\n\t\t\t\t\t\t<div class=\"elementor-container elementor-column-gap-default\">\n\t\t\t\t\t<div class=\"elementor-column elementor-col-100 elementor-top-column elementor-element elementor-element-99c7c7c\" data-id=\"99c7c7c\" data-element_type=\"column\">\n\t\t\t<div class=\"elementor-widget-wrap elementor-element-populated\">\n\t\t\t\t\t\t<div class=\"elementor-element elementor-element-ea9fca7 elementor-widget elementor-widget-text-editor\" data-id=\"ea9fca7\" data-element_type=\"widget\" data-widget_type=\"text-editor.default\">\n\t\t\t\t<div class=\"elementor-widget-container\">\n\t\t\t\t\t\t\t\t\t<p>Va alla <strong>Treviso Basket Academy<\/strong> una bellissima sedicesima edizione del Torneo \u201cCitt\u00e0 di Ferrara\u201d, categoria Under 13.\u00a0Al termine di una quattro giorni di altissimo livello, sono i ragazzi di coach Menegon a superare in una finale al cardiopalma l\u2019<strong>\u0130stanbul T\u00fcrk Telekom.\u00a0<\/strong>I\u00a0trevigiani conducono praticamente tutto il match, prima del rientro nell\u2019ultimo quarto dei turchi, guidati dal miglior realizzatore del torneo, <strong>Demir \u015eerano\u011flu<\/strong>.\u00a0Sul 65-65, per \u0130stanbul la beffa arriva nei secondi finali: la tripla dell\u2019Mvp del torneo, <strong>Riccardo Grotto<\/strong>, manda i titoli di coda e consegna il \u201cCitt\u00e0 di Ferrara\u201d a Treviso.<\/p><p>Si aggiudica il terzo posto, in un\u2019altra bellissima finale, la squadra di casa della <strong>Bondi Vis 2008<\/strong>.\u00a0I biancazzurri di coach Orri sono i protagonisti, insieme agli sloveni della <strong>Cedevita Olimpija<\/strong>, di una gara molto combattuta, ma ben gestita dai vissini nei momenti decisivi: i ferraresi, come nel 2025, si confermano sul gradino pi\u00f9 basso del podio con la vittoria per 73-63.\u00a0Nelle altre finali, la <strong>Emil Banca Virtus Bologna<\/strong> schianta i campioni in carico dell\u2019<strong>Orange1 Bassano<\/strong> (85-43) per il quinto posto, mentre i georgiani della <strong>Zaza Pachulia Academy<\/strong> conquistano il settimo posto nel match sempre sul filo dell\u2019equilibrio con il <strong>Petrarca Padova<\/strong> (59-64). Seguono in classifica <strong>Umana Reyer Venezia, Unibasket Lanciano, Pontevecchio Bologna, Pallacanestro Reggiana, La Fenice Codigoro, Varese Basket School e Sg Fortitudo<\/strong>.<\/p><p>La societ\u00e0 Despar 4 Torri desidera ringraziare sentitamente le squadre partecipanti, per la disponibilit\u00e0 e la seriet\u00e0 dimostrate: i giocatori, gli staff, i parenti tutti coloro che per quattro giorni hanno animato con passione, correttezza e fair play il Pala Aeffe e il Palapalestre. I ringraziamenti vanno inoltre all\u2019amministrazione comunale di Ferrara, al sindaco Alan Fabbri e all\u2019assessore allo sport Francesco Carit\u00e0, primi sostenitori della societ\u00e0; alla Federazione Italiana Pallacanestro, al delegato provinciale Giorgio Bianchi e a tutta la sezione degli arbitri di Ferrara per l\u2019ottimo lavoro svolto.<\/p><p>La Despar 4 Torri esprime, poi, la propria gratitudine al main sponsor Aeffe, sempre al suo fianco, e a Banca Centro Emilia, per aver donato la bicicletta, consegnata all\u2019Mvp del torneo Riccardo Grotto; poi, la societ\u00e0 granata esprime riconoscenza alla Vis 2008 Ferrara, per aver messo a disposizione il Palapalestre per il regolare svolgimento del torneo, e a \u201cFerrara A Spicchi\u201d, media partner della manifestazione. Infine, un grande ringraziamento a tutti i ragazzi e le ragazze dello staff della 4 Torri, senza i quali il torneo non avrebbe avuto luogo. L\u2019appuntamento \u00e8 per il 2027 con una nuova, entusiasmante edizione dell\u2019International Tournament \u201cCitt\u00e0 di Ferrara\u201d.<\/p><p><strong>I risultati:<\/strong><\/p><p>Happy Basket Castel Maggiore \u2013 Pontevecchio Basket Bologna non disputata (finale 11\/12 posto)<\/p><p>Sg Fortitudo 54 \u2013 66 Varese Basket School (finale 15\/16 posto)<\/p><p>Pallacanestro Reggiana 80 \u2013 60 Pallacanestro La Fenice Codigoro (finale 13\/14 posto)<\/p><p>Petrarca Padova 59 \u2013 64 Zaza Pachulia Basketball Academy (finale 7\/8 posto)<\/p><p>Umana Reyer Venezia 110 \u2013 46 Unibasket Lanciano (finale 9\/10 posto)<\/p><p>Emil Banca Virtus Bologna 85 \u201343 Orange1 International Bassano (finale 5\/6 posto)<\/p><p>Bondi Vis 2008 Ferrara 73 \u2013 63 Cedevita Olimpija (finale 3\/4 posto)<\/p><p>Treviso Basket Academy 68 \u2013 65 \u0130stanbul T\u00fcrk Telekom (finale 1\/2 posto)<\/p><p><strong>Classifica finale:<\/strong><\/p><ol><li>Treviso Basket Academy<\/li><li>\u0130stanbul T\u00fcrk Telekom<\/li><li>Bondi Vis 2008 Ferrara<\/li><li>Cedevita Olimpija<\/li><li>Emil Banca Virtus Bologna<\/li><li>Orange1 International Bassano<\/li><li>Zaza Pachulia Basketball Academy<\/li><li>Petrarca Padova<\/li><li>Umana Reyer Venezia<\/li><li>Unibasket Lanciano56<\/li><li>Happy Basket Castel Maggiore<\/li><li>Pontevecchio Bologna Basket<\/li><li>Pallacanestro Reggiana<\/li><li>Pallacanestro La Fenice Codigoro<\/li><li>Varese Basket School<\/li><li>Sg Fortitudo<\/li><\/ol>\t\t\t\t\t\t\t\t<\/div>\n\t\t\t\t<\/div>\n\t\t\t\t\t<\/div>\n\t\t<\/div>\n\t\t\t\t\t<\/div>\n\t\t<\/section>\n\t\t\t\t<section class=\"elementor-section elementor-top-section elementor-element elementor-element-8976a49 elementor-section-boxed elementor-section-height-default elementor-section-height-default\" data-id=\"8976a49\" data-element_type=\"section\">\n\t\t\t\t\t\t<div class=\"elementor-container elementor-column-gap-default\">\n\t\t\t\t\t<div class=\"elementor-column elementor-col-100 elementor-top-column elementor-element elementor-element-7aada42\" data-id=\"7aada42\" data-element_type=\"column\">\n\t\t\t<div class=\"elementor-widget-wrap elementor-element-populated\">\n\t\t\t\t\t\t<div class=\"elementor-element elementor-element-87f90a5 elementor-widget elementor-widget-spacer\" data-id=\"87f90a5\" data-element_type=\"widget\" data-widget_type=\"spacer.default\">\n\t\t\t\t<div class=\"elementor-widget-container\">\n\t\t\t\t\t\t\t<div class=\"elementor-spacer\">\n\t\t\t<div class=\"elementor-spacer-inner\"><\/div>\n\t\t<\/div>\n\t\t\t\t\t\t<\/div>\n\t\t\t\t<\/div>\n\t\t\t\t\t<\/div>\n\t\t<\/div>\n\t\t\t\t\t<\/div>\n\t\t<\/section>\n\t\t\t\t<section class=\"elementor-section elementor-top-section elementor-element elementor-element-e12c79c elementor-section-boxed elementor-section-height-default elementor-section-height-default\" data-id=\"e12c79c\" data-element_type=\"section\">\n\t\t\t\t\t\t<div class=\"elementor-container elementor-column-gap-default\">\n\t\t\t\t\t<div class=\"elementor-column elementor-col-100 elementor-top-column elementor-element elementor-element-0a4f529\" data-id=\"0a4f529\" data-element_type=\"column\">\n\t\t\t<div class=\"elementor-widget-wrap elementor-element-populated\">\n\t\t\t\t\t\t<div class=\"elementor-element elementor-element-7ac4c96 elementor-arrows-position-inside elementor-pagination-position-outside elementor-widget elementor-widget-image-carousel\" data-id=\"7ac4c96\" data-element_type=\"widget\" data-settings=\"{&quot;speed&quot;:5000,&quot;image_spacing_custom&quot;:{&quot;unit&quot;:&quot;px&quot;,&quot;size&quot;:10,&quot;sizes&quot;:[]},&quot;navigation&quot;:&quot;both&quot;,&quot;autoplay&quot;:&quot;yes&quot;,&quot;pause_on_hover&quot;:&quot;yes&quot;,&quot;pause_on_interaction&quot;:&quot;yes&quot;,&quot;autoplay_speed&quot;:5000,&quot;infinite&quot;:&quot;yes&quot;,&quot;image_spacing_custom_tablet&quot;:{&quot;unit&quot;:&quot;px&quot;,&quot;size&quot;:&quot;&quot;,&quot;sizes&quot;:[]},&quot;image_spacing_custom_mobile&quot;:{&quot;unit&quot;:&quot;px&quot;,&quot;size&quot;:&quot;&quot;,&quot;sizes&quot;:[]}}\" data-widget_type=\"image-carousel.default\">\n\t\t\t\t<div class=\"elementor-widget-container\">\n\t\t\t\t\t\t\t<div class=\"elementor-image-carousel-wrapper swiper\" role=\"region\" aria-roledescription=\"carousel\" aria-label=\"Carosello d&#039;immagini\" dir=\"ltr\">\n\t\t\t<div class=\"elementor-image-carousel swiper-wrapper\" aria-live=\"off\">\n\t\t\t\t\t\t\t\t<div class=\"swiper-slide\" role=\"group\" aria-roledescription=\"slide\" aria-label=\"1 di 7\"><figure class=\"swiper-slide-inner\"><img decoding=\"async\" class=\"swiper-slide-image\" src=\"https:\/\/4torri.it\/wp-content\/uploads\/2026\/04\/XVI-cdf-treviso.jpg\" alt=\"La vincitrice Treviso Basket Academy\" \/><\/figure><\/div><div class=\"swiper-slide\" role=\"group\" aria-roledescription=\"slide\" aria-label=\"2 di 7\"><figure class=\"swiper-slide-inner\"><img decoding=\"async\" class=\"swiper-slide-image\" src=\"https:\/\/4torri.it\/wp-content\/uploads\/2026\/04\/XVI-cdf-carita.jpg\" alt=\"La visita dell&#039;assessore allo sport Francesco Carit\u00e0 durante la finalissima\" \/><\/figure><\/div><div class=\"swiper-slide\" role=\"group\" aria-roledescription=\"slide\" aria-label=\"3 di 7\"><figure class=\"swiper-slide-inner\"><img decoding=\"async\" class=\"swiper-slide-image\" src=\"https:\/\/4torri.it\/wp-content\/uploads\/2026\/04\/XVI-cdf-final-turk-telekom.jpg\" alt=\"La seconda classificata \u0130stanbul T\u00fcrk Telekom\" \/><\/figure><\/div><div class=\"swiper-slide\" role=\"group\" aria-roledescription=\"slide\" aria-label=\"4 di 7\"><figure class=\"swiper-slide-inner\"><img decoding=\"async\" class=\"swiper-slide-image\" src=\"https:\/\/4torri.it\/wp-content\/uploads\/2026\/04\/XVI-cdf-riccardo-grotto.jpg\" alt=\"L&#039;Mvp Riccardo Grotto, che si porta a casa la bici donata dalla Banca Centro Emilia\" \/><\/figure><\/div><div class=\"swiper-slide\" role=\"group\" aria-roledescription=\"slide\" aria-label=\"5 di 7\"><figure class=\"swiper-slide-inner\"><img decoding=\"async\" class=\"swiper-slide-image\" src=\"https:\/\/4torri.it\/wp-content\/uploads\/2026\/04\/XVI-cdf-Demir-Seranoglu.jpg\" alt=\"Il migliore realizzatore del Torneo Demir \u015eerano\u011flu\" \/><\/figure><\/div><div class=\"swiper-slide\" role=\"group\" aria-roledescription=\"slide\" aria-label=\"6 di 7\"><figure class=\"swiper-slide-inner\"><img decoding=\"async\" class=\"swiper-slide-image\" src=\"https:\/\/4torri.it\/wp-content\/uploads\/2026\/04\/XVI-cdf-vis-2008.jpg\" alt=\"La Bondi Vis 2008, terza classificata\" \/><\/figure><\/div><div class=\"swiper-slide\" role=\"group\" aria-roledescription=\"slide\" aria-label=\"7 di 7\"><figure class=\"swiper-slide-inner\"><img decoding=\"async\" class=\"swiper-slide-image\" src=\"https:\/\/4torri.it\/wp-content\/uploads\/2026\/04\/XVI-cdf-cedevita-olimpija-1.jpg\" alt=\"La Cedevita Olimpija di Lubiana, quarta in classifica\" \/><\/figure><\/div>\t\t\t<\/div>\n\t\t\t\t\t\t\t\t\t\t\t\t<div class=\"elementor-swiper-button elementor-swiper-button-prev\" role=\"button\" tabindex=\"0\">\n\t\t\t\t\t\t<i aria-hidden=\"true\" class=\"eicon-chevron-left\"><\/i>\t\t\t\t\t<\/div>\n\t\t\t\t\t<div class=\"elementor-swiper-button elementor-swiper-button-next\" role=\"button\" tabindex=\"0\">\n\t\t\t\t\t\t<i aria-hidden=\"true\" class=\"eicon-chevron-right\"><\/i>\t\t\t\t\t<\/div>\n\t\t\t\t\n\t\t\t\t\t\t\t\t\t<div class=\"swiper-pagination\"><\/div>\n\t\t\t\t\t\t\t\t\t<\/div>\n\t\t\t\t\t\t<\/div>\n\t\t\t\t<\/div>\n\t\t\t\t\t<\/div>\n\t\t<\/div>\n\t\t\t\t\t<\/div>\n\t\t<\/section>\n\t\t\t\t<\/div>\n\t\t","protected":false},"excerpt":{"rendered":"<p>Va alla Treviso Basket Academy una bellissima sedicesima edizione del Torneo \u201cCitt\u00e0 di Ferrara\u201d, categoria Under 13.\u00a0Al termine di una quattro giorni di altissimo livello, sono i ragazzi di coach [&hellip;]<\/p>\n","protected":false},"author":1,"featured_media":19925,"comment_status":"open","ping_status":"open","sticky":false,"template":"","format":"standard","meta":{"_EventAllDay":false,"_EventTimezone":"","_EventStartDate":"","_EventEndDate":"","_EventStartDateUTC":"","_EventEndDateUTC":"","_EventShowMap":false,"_EventShowMapLink":false,"_EventURL":"","_EventCost":"","_EventCostDescription":"","_EventCurrencySymbol":"","_EventCurrencyCode":"","_EventCurrencyPosition":"","_EventDateTimeSeparator":"","_EventTimeRangeSeparator":"","_EventOrganizerID":[],"_EventVenueID":[],"_OrganizerEmail":"","_OrganizerPhone":"","_OrganizerWebsite":"","_VenueAddress":"","_VenueCity":"","_VenueCountry":"","_VenueProvince":"","_VenueState":"","_VenueZip":"","_VenuePhone":"","_VenueURL":"","_VenueStateProvince":"","_VenueLat":"","_VenueLng":"","_VenueShowMap":false,"_VenueShowMapLink":false,"footnotes":""},"categories":[140],"tags":[],"class_list":["post-19917","post","type-post","status-publish","format-standard","has-post-thumbnail","hentry","category-citta-di-ferrara"],"yoast_head":"<!-- This site is optimized with the Yoast SEO plugin v26.1.1 - https:\/\/yoast.com\/wordpress\/plugins\/seo\/ -->\n<title>Treviso Basket Academy conquista il XVI International Tournament \u201cCitt\u00e0 di Ferrara\u201d - 4 Torri<\/title>\n<meta name=\"description\" content=\"Pallacanestro 4 Torri - TesTa Tra le nuvole e piedi per Terra\" \/>\n<meta name=\"robots\" content=\"index, follow, max-snippet:-1, max-image-preview:large, max-video-preview:-1\" \/>\n<link rel=\"canonical\" href=\"https:\/\/4torri.it\/?p=19917\" \/>\n<meta property=\"og:locale\" content=\"it_IT\" \/>\n<meta property=\"og:type\" content=\"article\" \/>\n<meta property=\"og:title\" content=\"Treviso Basket Academy conquista il XVI International Tournament \u201cCitt\u00e0 di Ferrara\u201d - 4 Torri\" \/>\n<meta property=\"og:description\" content=\"Pallacanestro 4 Torri - TesTa Tra le nuvole e piedi per Terra\" \/>\n<meta property=\"og:url\" content=\"https:\/\/4torri.it\/?p=19917\" \/>\n<meta property=\"og:site_name\" content=\"4 Torri\" \/>\n<meta property=\"article:publisher\" content=\"https:\/\/www.facebook.com\/4torriferrara\/\" \/>\n<meta property=\"article:published_time\" content=\"2026-04-26T22:37:50+00:00\" \/>\n<meta property=\"article:modified_time\" content=\"2026-04-27T09:36:23+00:00\" \/>\n<meta property=\"og:image\" content=\"https:\/\/4torri.it\/wp-content\/uploads\/2026\/04\/XVI-cdf-treviso-1024x683.jpg\" \/>\n\t<meta property=\"og:image:width\" content=\"1024\" \/>\n\t<meta property=\"og:image:height\" content=\"683\" \/>\n\t<meta property=\"og:image:type\" content=\"image\/jpeg\" \/>\n<meta name=\"author\" content=\"admin\" \/>\n<meta name=\"twitter:card\" content=\"summary_large_image\" \/>\n<meta name=\"twitter:label1\" content=\"Scritto da\" \/>\n\t<meta name=\"twitter:data1\" content=\"admin\" \/>\n\t<meta name=\"twitter:label2\" content=\"Tempo di lettura stimato\" \/>\n\t<meta name=\"twitter:data2\" content=\"5 minuti\" \/>\n<script type=\"application\/ld+json\" class=\"yoast-schema-graph\">{\"@context\":\"https:\/\/schema.org\",\"@graph\":[{\"@type\":\"Article\",\"@id\":\"https:\/\/4torri.it\/?p=19917#article\",\"isPartOf\":{\"@id\":\"https:\/\/4torri.it\/?p=19917\"},\"author\":{\"name\":\"admin\",\"@id\":\"https:\/\/4torri.it\/#\/schema\/person\/65c3036d9ffd355c1be2773eadd58754\"},\"headline\":\"Treviso Basket Academy conquista il XVI International Tournament \u201cCitt\u00e0 di Ferrara\u201d\",\"datePublished\":\"2026-04-26T22:37:50+00:00\",\"dateModified\":\"2026-04-27T09:36:23+00:00\",\"mainEntityOfPage\":{\"@id\":\"https:\/\/4torri.it\/?p=19917\"},\"wordCount\":546,\"commentCount\":0,\"publisher\":{\"@id\":\"https:\/\/4torri.it\/#organization\"},\"image\":{\"@id\":\"https:\/\/4torri.it\/?p=19917#primaryimage\"},\"thumbnailUrl\":\"https:\/\/4torri.it\/wp-content\/uploads\/2026\/04\/XVI-cdf-treviso.jpg\",\"articleSection\":[\"Tournament \\\"Citt\u00e0 di Ferrara\\\"\"],\"inLanguage\":\"it-IT\",\"potentialAction\":[{\"@type\":\"CommentAction\",\"name\":\"Comment\",\"target\":[\"https:\/\/4torri.it\/?p=19917#respond\"]}]},{\"@type\":\"WebPage\",\"@id\":\"https:\/\/4torri.it\/?p=19917\",\"url\":\"https:\/\/4torri.it\/?p=19917\",\"name\":\"Treviso Basket Academy conquista il XVI International Tournament \u201cCitt\u00e0 di Ferrara\u201d - 4 Torri\",\"isPartOf\":{\"@id\":\"https:\/\/4torri.it\/#website\"},\"primaryImageOfPage\":{\"@id\":\"https:\/\/4torri.it\/?p=19917#primaryimage\"},\"image\":{\"@id\":\"https:\/\/4torri.it\/?p=19917#primaryimage\"},\"thumbnailUrl\":\"https:\/\/4torri.it\/wp-content\/uploads\/2026\/04\/XVI-cdf-treviso.jpg\",\"datePublished\":\"2026-04-26T22:37:50+00:00\",\"dateModified\":\"2026-04-27T09:36:23+00:00\",\"description\":\"Pallacanestro 4 Torri - TesTa Tra le nuvole e piedi per Terra\",\"breadcrumb\":{\"@id\":\"https:\/\/4torri.it\/?p=19917#breadcrumb\"},\"inLanguage\":\"it-IT\",\"potentialAction\":[{\"@type\":\"ReadAction\",\"target\":[\"https:\/\/4torri.it\/?p=19917\"]}]},{\"@type\":\"ImageObject\",\"inLanguage\":\"it-IT\",\"@id\":\"https:\/\/4torri.it\/?p=19917#primaryimage\",\"url\":\"https:\/\/4torri.it\/wp-content\/uploads\/2026\/04\/XVI-cdf-treviso.jpg\",\"contentUrl\":\"https:\/\/4torri.it\/wp-content\/uploads\/2026\/04\/XVI-cdf-treviso.jpg\",\"width\":2048,\"height\":1365,\"caption\":\"La vincitrice Treviso Basket Academy\"},{\"@type\":\"BreadcrumbList\",\"@id\":\"https:\/\/4torri.it\/?p=19917#breadcrumb\",\"itemListElement\":[{\"@type\":\"ListItem\",\"position\":1,\"name\":\"Home\",\"item\":\"https:\/\/4torri.it\/\"},{\"@type\":\"ListItem\",\"position\":2,\"name\":\"Treviso Basket Academy conquista il XVI International Tournament \u201cCitt\u00e0 di Ferrara\u201d\"}]},{\"@type\":\"WebSite\",\"@id\":\"https:\/\/4torri.it\/#website\",\"url\":\"https:\/\/4torri.it\/\",\"name\":\"4 Torri\",\"description\":\"TesTa Tra le nuvole e piedi per Terra\",\"publisher\":{\"@id\":\"https:\/\/4torri.it\/#organization\"},\"potentialAction\":[{\"@type\":\"SearchAction\",\"target\":{\"@type\":\"EntryPoint\",\"urlTemplate\":\"https:\/\/4torri.it\/?s={search_term_string}\"},\"query-input\":{\"@type\":\"PropertyValueSpecification\",\"valueRequired\":true,\"valueName\":\"search_term_string\"}}],\"inLanguage\":\"it-IT\"},{\"@type\":\"Organization\",\"@id\":\"https:\/\/4torri.it\/#organization\",\"name\":\"U.S.DIL PALLACANESTRO 4 TORRI FERRARA\",\"url\":\"https:\/\/4torri.it\/\",\"logo\":{\"@type\":\"ImageObject\",\"inLanguage\":\"it-IT\",\"@id\":\"https:\/\/4torri.it\/#\/schema\/logo\/image\/\",\"url\":\"https:\/\/4torri.it\/wp-content\/uploads\/2021\/02\/cropped-logo_4_torri_512px_square-1.png\",\"contentUrl\":\"https:\/\/4torri.it\/wp-content\/uploads\/2021\/02\/cropped-logo_4_torri_512px_square-1.png\",\"width\":512,\"height\":512,\"caption\":\"U.S.DIL PALLACANESTRO 4 TORRI FERRARA\"},\"image\":{\"@id\":\"https:\/\/4torri.it\/#\/schema\/logo\/image\/\"},\"sameAs\":[\"https:\/\/www.facebook.com\/4torriferrara\/\",\"https:\/\/www.instagram.com\/4torribasketferrara\/\"]},{\"@type\":\"Person\",\"@id\":\"https:\/\/4torri.it\/#\/schema\/person\/65c3036d9ffd355c1be2773eadd58754\",\"name\":\"admin\",\"image\":{\"@type\":\"ImageObject\",\"inLanguage\":\"it-IT\",\"@id\":\"https:\/\/4torri.it\/#\/schema\/person\/image\/\",\"url\":\"https:\/\/secure.gravatar.com\/avatar\/cb6be4329b788db30ca2c3bd32aedc66fd1d3c9b4903bf07c70c53ed0776473a?s=96&d=mm&r=g\",\"contentUrl\":\"https:\/\/secure.gravatar.com\/avatar\/cb6be4329b788db30ca2c3bd32aedc66fd1d3c9b4903bf07c70c53ed0776473a?s=96&d=mm&r=g\",\"caption\":\"admin\"},\"sameAs\":[\"https:\/\/4torri.it\"]}]}<\/script>\n<!-- \/ Yoast SEO plugin. -->","yoast_head_json":{"title":"Treviso Basket Academy conquista il XVI International Tournament \u201cCitt\u00e0 di Ferrara\u201d - 4 Torri","description":"Pallacanestro 4 Torri - TesTa Tra le nuvole e piedi per Terra","robots":{"index":"index","follow":"follow","max-snippet":"max-snippet:-1","max-image-preview":"max-image-preview:large","max-video-preview":"max-video-preview:-1"},"canonical":"https:\/\/4torri.it\/?p=19917","og_locale":"it_IT","og_type":"article","og_title":"Treviso Basket Academy conquista il XVI International Tournament \u201cCitt\u00e0 di Ferrara\u201d - 4 Torri","og_description":"Pallacanestro 4 Torri - TesTa Tra le nuvole e piedi per Terra","og_url":"https:\/\/4torri.it\/?p=19917","og_site_name":"4 Torri","article_publisher":"https:\/\/www.facebook.com\/4torriferrara\/","article_published_time":"2026-04-26T22:37:50+00:00","article_modified_time":"2026-04-27T09:36:23+00:00","og_image":[{"width":1024,"height":683,"url":"https:\/\/4torri.it\/wp-content\/uploads\/2026\/04\/XVI-cdf-treviso-1024x683.jpg","type":"image\/jpeg"}],"author":"admin","twitter_card":"summary_large_image","twitter_misc":{"Scritto da":"admin","Tempo di lettura stimato":"5 minuti"},"schema":{"@context":"https:\/\/schema.org","@graph":[{"@type":"Article","@id":"https:\/\/4torri.it\/?p=19917#article","isPartOf":{"@id":"https:\/\/4torri.it\/?p=19917"},"author":{"name":"admin","@id":"https:\/\/4torri.it\/#\/schema\/person\/65c3036d9ffd355c1be2773eadd58754"},"headline":"Treviso Basket Academy conquista il XVI International Tournament \u201cCitt\u00e0 di Ferrara\u201d","datePublished":"2026-04-26T22:37:50+00:00","dateModified":"2026-04-27T09:36:23+00:00","mainEntityOfPage":{"@id":"https:\/\/4torri.it\/?p=19917"},"wordCount":546,"commentCount":0,"publisher":{"@id":"https:\/\/4torri.it\/#organization"},"image":{"@id":"https:\/\/4torri.it\/?p=19917#primaryimage"},"thumbnailUrl":"https:\/\/4torri.it\/wp-content\/uploads\/2026\/04\/XVI-cdf-treviso.jpg","articleSection":["Tournament \"Citt\u00e0 di Ferrara\""],"inLanguage":"it-IT","potentialAction":[{"@type":"CommentAction","name":"Comment","target":["https:\/\/4torri.it\/?p=19917#respond"]}]},{"@type":"WebPage","@id":"https:\/\/4torri.it\/?p=19917","url":"https:\/\/4torri.it\/?p=19917","name":"Treviso Basket Academy conquista il XVI International Tournament \u201cCitt\u00e0 di Ferrara\u201d - 4 Torri","isPartOf":{"@id":"https:\/\/4torri.it\/#website"},"primaryImageOfPage":{"@id":"https:\/\/4torri.it\/?p=19917#primaryimage"},"image":{"@id":"https:\/\/4torri.it\/?p=19917#primaryimage"},"thumbnailUrl":"https:\/\/4torri.it\/wp-content\/uploads\/2026\/04\/XVI-cdf-treviso.jpg","datePublished":"2026-04-26T22:37:50+00:00","dateModified":"2026-04-27T09:36:23+00:00","description":"Pallacanestro 4 Torri - TesTa Tra le nuvole e piedi per Terra","breadcrumb":{"@id":"https:\/\/4torri.it\/?p=19917#breadcrumb"},"inLanguage":"it-IT","potentialAction":[{"@type":"ReadAction","target":["https:\/\/4torri.it\/?p=19917"]}]},{"@type":"ImageObject","inLanguage":"it-IT","@id":"https:\/\/4torri.it\/?p=19917#primaryimage","url":"https:\/\/4torri.it\/wp-content\/uploads\/2026\/04\/XVI-cdf-treviso.jpg","contentUrl":"https:\/\/4torri.it\/wp-content\/uploads\/2026\/04\/XVI-cdf-treviso.jpg","width":2048,"height":1365,"caption":"La vincitrice Treviso Basket Academy"},{"@type":"BreadcrumbList","@id":"https:\/\/4torri.it\/?p=19917#breadcrumb","itemListElement":[{"@type":"ListItem","position":1,"name":"Home","item":"https:\/\/4torri.it\/"},{"@type":"ListItem","position":2,"name":"Treviso Basket Academy conquista il XVI International Tournament \u201cCitt\u00e0 di Ferrara\u201d"}]},{"@type":"WebSite","@id":"https:\/\/4torri.it\/#website","url":"https:\/\/4torri.it\/","name":"4 Torri","description":"TesTa Tra le nuvole e piedi per Terra","publisher":{"@id":"https:\/\/4torri.it\/#organization"},"potentialAction":[{"@type":"SearchAction","target":{"@type":"EntryPoint","urlTemplate":"https:\/\/4torri.it\/?s={search_term_string}"},"query-input":{"@type":"PropertyValueSpecification","valueRequired":true,"valueName":"search_term_string"}}],"inLanguage":"it-IT"},{"@type":"Organization","@id":"https:\/\/4torri.it\/#organization","name":"U.S.DIL PALLACANESTRO 4 TORRI FERRARA","url":"https:\/\/4torri.it\/","logo":{"@type":"ImageObject","inLanguage":"it-IT","@id":"https:\/\/4torri.it\/#\/schema\/logo\/image\/","url":"https:\/\/4torri.it\/wp-content\/uploads\/2021\/02\/cropped-logo_4_torri_512px_square-1.png","contentUrl":"https:\/\/4torri.it\/wp-content\/uploads\/2021\/02\/cropped-logo_4_torri_512px_square-1.png","width":512,"height":512,"caption":"U.S.DIL PALLACANESTRO 4 TORRI FERRARA"},"image":{"@id":"https:\/\/4torri.it\/#\/schema\/logo\/image\/"},"sameAs":["https:\/\/www.facebook.com\/4torriferrara\/","https:\/\/www.instagram.com\/4torribasketferrara\/"]},{"@type":"Person","@id":"https:\/\/4torri.it\/#\/schema\/person\/65c3036d9ffd355c1be2773eadd58754","name":"admin","image":{"@type":"ImageObject","inLanguage":"it-IT","@id":"https:\/\/4torri.it\/#\/schema\/person\/image\/","url":"https:\/\/secure.gravatar.com\/avatar\/cb6be4329b788db30ca2c3bd32aedc66fd1d3c9b4903bf07c70c53ed0776473a?s=96&d=mm&r=g","contentUrl":"https:\/\/secure.gravatar.com\/avatar\/cb6be4329b788db30ca2c3bd32aedc66fd1d3c9b4903bf07c70c53ed0776473a?s=96&d=mm&r=g","caption":"admin"},"sameAs":["https:\/\/4torri.it"]}]}},"_links":{"self":[{"href":"https:\/\/4torri.it\/index.php?rest_route=\/wp\/v2\/posts\/19917","targetHints":{"allow":["GET"]}}],"collection":[{"href":"https:\/\/4torri.it\/index.php?rest_route=\/wp\/v2\/posts"}],"about":[{"href":"https:\/\/4torri.it\/index.php?rest_route=\/wp\/v2\/types\/post"}],"author":[{"embeddable":true,"href":"https:\/\/4torri.it\/index.php?rest_route=\/wp\/v2\/users\/1"}],"replies":[{"embeddable":true,"href":"https:\/\/4torri.it\/index.php?rest_route=%2Fwp%2Fv2%2Fcomments&post=19917"}],"version-history":[{"count":28,"href":"https:\/\/4torri.it\/index.php?rest_route=\/wp\/v2\/posts\/19917\/revisions"}],"predecessor-version":[{"id":19953,"href":"https:\/\/4torri.it\/index.php?rest_route=\/wp\/v2\/posts\/19917\/revisions\/19953"}],"wp:featuredmedia":[{"embeddable":true,"href":"https:\/\/4torri.it\/index.php?rest_route=\/wp\/v2\/media\/19925"}],"wp:attachment":[{"href":"https:\/\/4torri.it\/index.php?rest_route=%2Fwp%2Fv2%2Fmedia&parent=19917"}],"wp:term":[{"taxonomy":"category","embeddable":true,"href":"https:\/\/4torri.it\/index.php?rest_route=%2Fwp%2Fv2%2Fcategories&post=19917"},{"taxonomy":"post_tag","embeddable":true,"href":"https:\/\/4torri.it\/index.php?rest_route=%2Fwp%2Fv2%2Ftags&post=19917"}],"curies":[{"name":"wp","href":"https:\/\/api.w.org\/{rel}","templated":true}]}}