{"id":19971,"date":"2026-04-30T11:21:30","date_gmt":"2026-04-30T10:21:30","guid":{"rendered":"https:\/\/4torri.it\/?p=19971"},"modified":"2026-04-30T11:24:34","modified_gmt":"2026-04-30T10:24:34","slug":"dr3-la-despar-cade-con-galliera-terzo-posto-per-i-granata-ai-playoff-ce-il-basket-estense","status":"publish","type":"post","link":"https:\/\/4torri.it\/?p=19971","title":{"rendered":"DR3, la Despar cade con Galliera: terzo posto per i granata. Ai playoff c\u2019\u00e8 il Basket Estense"},"content":{"rendered":"\t\t<div data-elementor-type=\"wp-post\" data-elementor-id=\"19971\" class=\"elementor elementor-19971\">\n\t\t\t\t\t\t<section class=\"elementor-section elementor-top-section elementor-element elementor-element-fedaf2c elementor-section-boxed elementor-section-height-default elementor-section-height-default\" data-id=\"fedaf2c\" data-element_type=\"section\">\n\t\t\t\t\t\t<div class=\"elementor-container elementor-column-gap-default\">\n\t\t\t\t\t<div class=\"elementor-column elementor-col-100 elementor-top-column elementor-element elementor-element-b811e6f\" data-id=\"b811e6f\" data-element_type=\"column\">\n\t\t\t<div class=\"elementor-widget-wrap elementor-element-populated\">\n\t\t\t\t\t\t<div class=\"elementor-element elementor-element-fe1828b elementor-widget elementor-widget-text-editor\" data-id=\"fe1828b\" data-element_type=\"widget\" data-widget_type=\"text-editor.default\">\n\t\t\t\t<div class=\"elementor-widget-container\">\n\t\t\t\t\t\t\t\t\t<p>\u00c8 un pessimo epilogo di stagione regolare per la Despar 4 Torri di coach d\u2019Angelo. Nell\u2019ultima giornata di campionato, i granata sbandano completamente al Pala Aeffe contro Galliera, che conquista cos\u00ec il secondo posto in classifica in ottica playoff.<\/p><p>L\u2019approccio alla gara della 4 Torri \u00e8 del tutto negativo: i padroni di casa subiscono dalla palla a due la fisicit\u00e0 di Galliera, ed evidenziano grandi difficolt\u00e0 offensive (6-16 al 10\u2019). Il secondo periodo \u00e8 la fotocopia del primo: la Despar non trova spazi in area, n\u00e9 centra il bersaglio dalla distanza (17-36 all\u2019intervallo). Nella ripresa i Lovers controllano, aumentando il divario: al Pala Aeffe termina 36-75 in favore di Galliera, che conquista cos\u00ec, ai danni dei granata, il secondo posto finale in classifica in virt\u00f9 dello scontro diretto a proprio favore.<\/p><p>Marianti Spadoni e compagni dovranno mettersi alle spalle in fretta questa sconfitta, e preparare al meglio i quarti di finale playoff contro il Basket Estense 2011.<\/p><p><strong>Despar 4 Torri 36 \u2013 75 Galliera Lovers (6-16; 17-36; 26-58)<\/strong><\/p><p><strong>Despar 4 Torri:<\/strong> Malfatto 10, Milosavljevic 2, Fels 2, Bonaguro C. 4, Pevere 4, Dozio 3, Bonfante 2, Bernardi 2, Marianti Spadoni 3, Servidio 1, Basile 3. All.: d\u2019Angelo.<\/p><p><strong>Arbitri:<\/strong> Vivaldi, Occhipinti.<\/p><p><strong>Giornata 11 ritorno:<\/strong> Matilde Gls Bondeno 80 \u2013 62 Bondi Vis 2008; Acli G88 Ferrara 59 \u2013 46 Gruppo Raviole Cento; <strong>Despar 4 Torri 36 \u2013 75 Galliera Lovers<\/strong>; Antares Basket Copparo 63 \u2013 45 Pallacanestro Molinella; Royal Basket Finale Emilia 58 \u2013 56 Basket Estense 2011. Riposa: Benedetto 1964 Cento.<\/p><p><strong>Classifica:<\/strong> Bondi Vis 2008 34; Galliera Lovers 28; <strong>Despar 4 Torri 28<\/strong>; Pallacanestro Molinella 24; Benedetto 1964 Cento 22; Basket Estense 2011, Antares Basket Copparo 20; Gruppo Raviole Cento 18; Matilde Gls Bondeno 14; Acli G88 Ferrara 8; Royal Basket Finale Emilia 4.<\/p><p><strong>Quarti di finale playoff:<\/strong> Bondi Vis 2008 (1) \u2013 Gruppo Raviole Cento (8); Pallacanestro Molinella (4) \u2013 Benedetto 1964 Cento (5); <strong>Despar 4 Torri (3) \u2013 Basket Estense 2011 (6)<\/strong>; Galliera Lovers (2) \u2013 Antares Basket Copparo (7).<\/p>\t\t\t\t\t\t\t\t<\/div>\n\t\t\t\t<\/div>\n\t\t\t\t\t<\/div>\n\t\t<\/div>\n\t\t\t\t\t<\/div>\n\t\t<\/section>\n\t\t\t\t<\/div>\n\t\t","protected":false},"excerpt":{"rendered":"<p>\u00c8 un pessimo epilogo di stagione regolare per la Despar 4 Torri di coach d\u2019Angelo. Nell\u2019ultima giornata di campionato, i granata sbandano completamente al Pala Aeffe contro Galliera, che conquista [&hellip;]<\/p>\n","protected":false},"author":1,"featured_media":19979,"comment_status":"open","ping_status":"open","sticky":false,"template":"","format":"standard","meta":{"_EventAllDay":false,"_EventTimezone":"","_EventStartDate":"","_EventEndDate":"","_EventStartDateUTC":"","_EventEndDateUTC":"","_EventShowMap":false,"_EventShowMapLink":false,"_EventURL":"","_EventCost":"","_EventCostDescription":"","_EventCurrencySymbol":"","_EventCurrencyCode":"","_EventCurrencyPosition":"","_EventDateTimeSeparator":"","_EventTimeRangeSeparator":"","_EventOrganizerID":[],"_EventVenueID":[],"_OrganizerEmail":"","_OrganizerPhone":"","_OrganizerWebsite":"","_VenueAddress":"","_VenueCity":"","_VenueCountry":"","_VenueProvince":"","_VenueState":"","_VenueZip":"","_VenuePhone":"","_VenueURL":"","_VenueStateProvince":"","_VenueLat":"","_VenueLng":"","_VenueShowMap":false,"_VenueShowMapLink":false,"footnotes":""},"categories":[115,144],"tags":[],"class_list":["post-19971","post","type-post","status-publish","format-standard","has-post-thumbnail","hentry","category-all-news","category-dr3"],"yoast_head":"<!-- This site is optimized with the Yoast SEO plugin v26.1.1 - https:\/\/yoast.com\/wordpress\/plugins\/seo\/ -->\n<title>DR3, la Despar cade con Galliera: terzo posto per i granata. Ai playoff c\u2019\u00e8 il Basket Estense - 4 Torri<\/title>\n<meta name=\"description\" content=\"Pallacanestro 4 Torri - TesTa Tra le nuvole e piedi per Terra\" \/>\n<meta name=\"robots\" content=\"index, follow, max-snippet:-1, max-image-preview:large, max-video-preview:-1\" \/>\n<link rel=\"canonical\" href=\"https:\/\/4torri.it\/?p=19971\" \/>\n<meta property=\"og:locale\" content=\"it_IT\" \/>\n<meta property=\"og:type\" content=\"article\" \/>\n<meta property=\"og:title\" content=\"DR3, la Despar cade con Galliera: terzo posto per i granata. Ai playoff c\u2019\u00e8 il Basket Estense - 4 Torri\" \/>\n<meta property=\"og:description\" content=\"Pallacanestro 4 Torri - TesTa Tra le nuvole e piedi per Terra\" \/>\n<meta property=\"og:url\" content=\"https:\/\/4torri.it\/?p=19971\" \/>\n<meta property=\"og:site_name\" content=\"4 Torri\" \/>\n<meta property=\"article:publisher\" content=\"https:\/\/www.facebook.com\/4torriferrara\/\" \/>\n<meta property=\"article:published_time\" content=\"2026-04-30T10:21:30+00:00\" \/>\n<meta property=\"article:modified_time\" content=\"2026-04-30T10:24:34+00:00\" \/>\n<meta property=\"og:image\" content=\"https:\/\/4torri.it\/wp-content\/uploads\/2026\/04\/dr3-despar-4t-vs-galliera.jpg\" \/>\n\t<meta property=\"og:image:width\" content=\"2048\" \/>\n\t<meta property=\"og:image:height\" content=\"1365\" \/>\n\t<meta property=\"og:image:type\" content=\"image\/jpeg\" \/>\n<meta name=\"author\" content=\"admin\" \/>\n<meta name=\"twitter:card\" content=\"summary_large_image\" \/>\n<meta name=\"twitter:label1\" content=\"Scritto da\" \/>\n\t<meta name=\"twitter:data1\" content=\"admin\" \/>\n\t<meta name=\"twitter:label2\" content=\"Tempo di lettura stimato\" \/>\n\t<meta name=\"twitter:data2\" content=\"2 minuti\" \/>\n<script type=\"application\/ld+json\" class=\"yoast-schema-graph\">{\"@context\":\"https:\/\/schema.org\",\"@graph\":[{\"@type\":\"Article\",\"@id\":\"https:\/\/4torri.it\/?p=19971#article\",\"isPartOf\":{\"@id\":\"https:\/\/4torri.it\/?p=19971\"},\"author\":{\"name\":\"admin\",\"@id\":\"https:\/\/4torri.it\/#\/schema\/person\/65c3036d9ffd355c1be2773eadd58754\"},\"headline\":\"DR3, la Despar cade con Galliera: terzo posto per i granata. Ai playoff c\u2019\u00e8 il Basket Estense\",\"datePublished\":\"2026-04-30T10:21:30+00:00\",\"dateModified\":\"2026-04-30T10:24:34+00:00\",\"mainEntityOfPage\":{\"@id\":\"https:\/\/4torri.it\/?p=19971\"},\"wordCount\":281,\"commentCount\":0,\"publisher\":{\"@id\":\"https:\/\/4torri.it\/#organization\"},\"image\":{\"@id\":\"https:\/\/4torri.it\/?p=19971#primaryimage\"},\"thumbnailUrl\":\"https:\/\/4torri.it\/wp-content\/uploads\/2026\/04\/dr3-despar-4t-vs-galliera.jpg\",\"articleSection\":[\"All News\",\"Divisione Regionale 3\"],\"inLanguage\":\"it-IT\",\"potentialAction\":[{\"@type\":\"CommentAction\",\"name\":\"Comment\",\"target\":[\"https:\/\/4torri.it\/?p=19971#respond\"]}]},{\"@type\":\"WebPage\",\"@id\":\"https:\/\/4torri.it\/?p=19971\",\"url\":\"https:\/\/4torri.it\/?p=19971\",\"name\":\"DR3, la Despar cade con Galliera: terzo posto per i granata. Ai playoff c\u2019\u00e8 il Basket Estense - 4 Torri\",\"isPartOf\":{\"@id\":\"https:\/\/4torri.it\/#website\"},\"primaryImageOfPage\":{\"@id\":\"https:\/\/4torri.it\/?p=19971#primaryimage\"},\"image\":{\"@id\":\"https:\/\/4torri.it\/?p=19971#primaryimage\"},\"thumbnailUrl\":\"https:\/\/4torri.it\/wp-content\/uploads\/2026\/04\/dr3-despar-4t-vs-galliera.jpg\",\"datePublished\":\"2026-04-30T10:21:30+00:00\",\"dateModified\":\"2026-04-30T10:24:34+00:00\",\"description\":\"Pallacanestro 4 Torri - TesTa Tra le nuvole e piedi per Terra\",\"breadcrumb\":{\"@id\":\"https:\/\/4torri.it\/?p=19971#breadcrumb\"},\"inLanguage\":\"it-IT\",\"potentialAction\":[{\"@type\":\"ReadAction\",\"target\":[\"https:\/\/4torri.it\/?p=19971\"]}]},{\"@type\":\"ImageObject\",\"inLanguage\":\"it-IT\",\"@id\":\"https:\/\/4torri.it\/?p=19971#primaryimage\",\"url\":\"https:\/\/4torri.it\/wp-content\/uploads\/2026\/04\/dr3-despar-4t-vs-galliera.jpg\",\"contentUrl\":\"https:\/\/4torri.it\/wp-content\/uploads\/2026\/04\/dr3-despar-4t-vs-galliera.jpg\",\"width\":2048,\"height\":1365},{\"@type\":\"BreadcrumbList\",\"@id\":\"https:\/\/4torri.it\/?p=19971#breadcrumb\",\"itemListElement\":[{\"@type\":\"ListItem\",\"position\":1,\"name\":\"Home\",\"item\":\"https:\/\/4torri.it\/\"},{\"@type\":\"ListItem\",\"position\":2,\"name\":\"DR3, la Despar cade con Galliera: terzo posto per i granata. Ai playoff c\u2019\u00e8 il Basket Estense\"}]},{\"@type\":\"WebSite\",\"@id\":\"https:\/\/4torri.it\/#website\",\"url\":\"https:\/\/4torri.it\/\",\"name\":\"4 Torri\",\"description\":\"TesTa Tra le nuvole e piedi per Terra\",\"publisher\":{\"@id\":\"https:\/\/4torri.it\/#organization\"},\"potentialAction\":[{\"@type\":\"SearchAction\",\"target\":{\"@type\":\"EntryPoint\",\"urlTemplate\":\"https:\/\/4torri.it\/?s={search_term_string}\"},\"query-input\":{\"@type\":\"PropertyValueSpecification\",\"valueRequired\":true,\"valueName\":\"search_term_string\"}}],\"inLanguage\":\"it-IT\"},{\"@type\":\"Organization\",\"@id\":\"https:\/\/4torri.it\/#organization\",\"name\":\"U.S.DIL PALLACANESTRO 4 TORRI FERRARA\",\"url\":\"https:\/\/4torri.it\/\",\"logo\":{\"@type\":\"ImageObject\",\"inLanguage\":\"it-IT\",\"@id\":\"https:\/\/4torri.it\/#\/schema\/logo\/image\/\",\"url\":\"https:\/\/4torri.it\/wp-content\/uploads\/2021\/02\/cropped-logo_4_torri_512px_square-1.png\",\"contentUrl\":\"https:\/\/4torri.it\/wp-content\/uploads\/2021\/02\/cropped-logo_4_torri_512px_square-1.png\",\"width\":512,\"height\":512,\"caption\":\"U.S.DIL PALLACANESTRO 4 TORRI FERRARA\"},\"image\":{\"@id\":\"https:\/\/4torri.it\/#\/schema\/logo\/image\/\"},\"sameAs\":[\"https:\/\/www.facebook.com\/4torriferrara\/\",\"https:\/\/www.instagram.com\/4torribasketferrara\/\"]},{\"@type\":\"Person\",\"@id\":\"https:\/\/4torri.it\/#\/schema\/person\/65c3036d9ffd355c1be2773eadd58754\",\"name\":\"admin\",\"image\":{\"@type\":\"ImageObject\",\"inLanguage\":\"it-IT\",\"@id\":\"https:\/\/4torri.it\/#\/schema\/person\/image\/\",\"url\":\"https:\/\/secure.gravatar.com\/avatar\/cb6be4329b788db30ca2c3bd32aedc66fd1d3c9b4903bf07c70c53ed0776473a?s=96&d=mm&r=g\",\"contentUrl\":\"https:\/\/secure.gravatar.com\/avatar\/cb6be4329b788db30ca2c3bd32aedc66fd1d3c9b4903bf07c70c53ed0776473a?s=96&d=mm&r=g\",\"caption\":\"admin\"},\"sameAs\":[\"https:\/\/4torri.it\"]}]}<\/script>\n<!-- \/ Yoast SEO plugin. -->","yoast_head_json":{"title":"DR3, la Despar cade con Galliera: terzo posto per i granata. Ai playoff c\u2019\u00e8 il Basket Estense - 4 Torri","description":"Pallacanestro 4 Torri - TesTa Tra le nuvole e piedi per Terra","robots":{"index":"index","follow":"follow","max-snippet":"max-snippet:-1","max-image-preview":"max-image-preview:large","max-video-preview":"max-video-preview:-1"},"canonical":"https:\/\/4torri.it\/?p=19971","og_locale":"it_IT","og_type":"article","og_title":"DR3, la Despar cade con Galliera: terzo posto per i granata. Ai playoff c\u2019\u00e8 il Basket Estense - 4 Torri","og_description":"Pallacanestro 4 Torri - TesTa Tra le nuvole e piedi per Terra","og_url":"https:\/\/4torri.it\/?p=19971","og_site_name":"4 Torri","article_publisher":"https:\/\/www.facebook.com\/4torriferrara\/","article_published_time":"2026-04-30T10:21:30+00:00","article_modified_time":"2026-04-30T10:24:34+00:00","og_image":[{"width":2048,"height":1365,"url":"https:\/\/4torri.it\/wp-content\/uploads\/2026\/04\/dr3-despar-4t-vs-galliera.jpg","type":"image\/jpeg"}],"author":"admin","twitter_card":"summary_large_image","twitter_misc":{"Scritto da":"admin","Tempo di lettura stimato":"2 minuti"},"schema":{"@context":"https:\/\/schema.org","@graph":[{"@type":"Article","@id":"https:\/\/4torri.it\/?p=19971#article","isPartOf":{"@id":"https:\/\/4torri.it\/?p=19971"},"author":{"name":"admin","@id":"https:\/\/4torri.it\/#\/schema\/person\/65c3036d9ffd355c1be2773eadd58754"},"headline":"DR3, la Despar cade con Galliera: terzo posto per i granata. Ai playoff c\u2019\u00e8 il Basket Estense","datePublished":"2026-04-30T10:21:30+00:00","dateModified":"2026-04-30T10:24:34+00:00","mainEntityOfPage":{"@id":"https:\/\/4torri.it\/?p=19971"},"wordCount":281,"commentCount":0,"publisher":{"@id":"https:\/\/4torri.it\/#organization"},"image":{"@id":"https:\/\/4torri.it\/?p=19971#primaryimage"},"thumbnailUrl":"https:\/\/4torri.it\/wp-content\/uploads\/2026\/04\/dr3-despar-4t-vs-galliera.jpg","articleSection":["All News","Divisione Regionale 3"],"inLanguage":"it-IT","potentialAction":[{"@type":"CommentAction","name":"Comment","target":["https:\/\/4torri.it\/?p=19971#respond"]}]},{"@type":"WebPage","@id":"https:\/\/4torri.it\/?p=19971","url":"https:\/\/4torri.it\/?p=19971","name":"DR3, la Despar cade con Galliera: terzo posto per i granata. Ai playoff c\u2019\u00e8 il Basket Estense - 4 Torri","isPartOf":{"@id":"https:\/\/4torri.it\/#website"},"primaryImageOfPage":{"@id":"https:\/\/4torri.it\/?p=19971#primaryimage"},"image":{"@id":"https:\/\/4torri.it\/?p=19971#primaryimage"},"thumbnailUrl":"https:\/\/4torri.it\/wp-content\/uploads\/2026\/04\/dr3-despar-4t-vs-galliera.jpg","datePublished":"2026-04-30T10:21:30+00:00","dateModified":"2026-04-30T10:24:34+00:00","description":"Pallacanestro 4 Torri - TesTa Tra le nuvole e piedi per Terra","breadcrumb":{"@id":"https:\/\/4torri.it\/?p=19971#breadcrumb"},"inLanguage":"it-IT","potentialAction":[{"@type":"ReadAction","target":["https:\/\/4torri.it\/?p=19971"]}]},{"@type":"ImageObject","inLanguage":"it-IT","@id":"https:\/\/4torri.it\/?p=19971#primaryimage","url":"https:\/\/4torri.it\/wp-content\/uploads\/2026\/04\/dr3-despar-4t-vs-galliera.jpg","contentUrl":"https:\/\/4torri.it\/wp-content\/uploads\/2026\/04\/dr3-despar-4t-vs-galliera.jpg","width":2048,"height":1365},{"@type":"BreadcrumbList","@id":"https:\/\/4torri.it\/?p=19971#breadcrumb","itemListElement":[{"@type":"ListItem","position":1,"name":"Home","item":"https:\/\/4torri.it\/"},{"@type":"ListItem","position":2,"name":"DR3, la Despar cade con Galliera: terzo posto per i granata. Ai playoff c\u2019\u00e8 il Basket Estense"}]},{"@type":"WebSite","@id":"https:\/\/4torri.it\/#website","url":"https:\/\/4torri.it\/","name":"4 Torri","description":"TesTa Tra le nuvole e piedi per Terra","publisher":{"@id":"https:\/\/4torri.it\/#organization"},"potentialAction":[{"@type":"SearchAction","target":{"@type":"EntryPoint","urlTemplate":"https:\/\/4torri.it\/?s={search_term_string}"},"query-input":{"@type":"PropertyValueSpecification","valueRequired":true,"valueName":"search_term_string"}}],"inLanguage":"it-IT"},{"@type":"Organization","@id":"https:\/\/4torri.it\/#organization","name":"U.S.DIL PALLACANESTRO 4 TORRI FERRARA","url":"https:\/\/4torri.it\/","logo":{"@type":"ImageObject","inLanguage":"it-IT","@id":"https:\/\/4torri.it\/#\/schema\/logo\/image\/","url":"https:\/\/4torri.it\/wp-content\/uploads\/2021\/02\/cropped-logo_4_torri_512px_square-1.png","contentUrl":"https:\/\/4torri.it\/wp-content\/uploads\/2021\/02\/cropped-logo_4_torri_512px_square-1.png","width":512,"height":512,"caption":"U.S.DIL PALLACANESTRO 4 TORRI FERRARA"},"image":{"@id":"https:\/\/4torri.it\/#\/schema\/logo\/image\/"},"sameAs":["https:\/\/www.facebook.com\/4torriferrara\/","https:\/\/www.instagram.com\/4torribasketferrara\/"]},{"@type":"Person","@id":"https:\/\/4torri.it\/#\/schema\/person\/65c3036d9ffd355c1be2773eadd58754","name":"admin","image":{"@type":"ImageObject","inLanguage":"it-IT","@id":"https:\/\/4torri.it\/#\/schema\/person\/image\/","url":"https:\/\/secure.gravatar.com\/avatar\/cb6be4329b788db30ca2c3bd32aedc66fd1d3c9b4903bf07c70c53ed0776473a?s=96&d=mm&r=g","contentUrl":"https:\/\/secure.gravatar.com\/avatar\/cb6be4329b788db30ca2c3bd32aedc66fd1d3c9b4903bf07c70c53ed0776473a?s=96&d=mm&r=g","caption":"admin"},"sameAs":["https:\/\/4torri.it"]}]}},"_links":{"self":[{"href":"https:\/\/4torri.it\/index.php?rest_route=\/wp\/v2\/posts\/19971","targetHints":{"allow":["GET"]}}],"collection":[{"href":"https:\/\/4torri.it\/index.php?rest_route=\/wp\/v2\/posts"}],"about":[{"href":"https:\/\/4torri.it\/index.php?rest_route=\/wp\/v2\/types\/post"}],"author":[{"embeddable":true,"href":"https:\/\/4torri.it\/index.php?rest_route=\/wp\/v2\/users\/1"}],"replies":[{"embeddable":true,"href":"https:\/\/4torri.it\/index.php?rest_route=%2Fwp%2Fv2%2Fcomments&post=19971"}],"version-history":[{"count":7,"href":"https:\/\/4torri.it\/index.php?rest_route=\/wp\/v2\/posts\/19971\/revisions"}],"predecessor-version":[{"id":19978,"href":"https:\/\/4torri.it\/index.php?rest_route=\/wp\/v2\/posts\/19971\/revisions\/19978"}],"wp:featuredmedia":[{"embeddable":true,"href":"https:\/\/4torri.it\/index.php?rest_route=\/wp\/v2\/media\/19979"}],"wp:attachment":[{"href":"https:\/\/4torri.it\/index.php?rest_route=%2Fwp%2Fv2%2Fmedia&parent=19971"}],"wp:term":[{"taxonomy":"category","embeddable":true,"href":"https:\/\/4torri.it\/index.php?rest_route=%2Fwp%2Fv2%2Fcategories&post=19971"},{"taxonomy":"post_tag","embeddable":true,"href":"https:\/\/4torri.it\/index.php?rest_route=%2Fwp%2Fv2%2Ftags&post=19971"}],"curies":[{"name":"wp","href":"https:\/\/api.w.org\/{rel}","templated":true}]}}